{"id":2656,"date":"2026-03-12T14:57:49","date_gmt":"2026-03-12T14:57:49","guid":{"rendered":"https:\/\/aprim.com\/?p=2656"},"modified":"2026-03-12T15:01:24","modified_gmt":"2026-03-12T15:01:24","slug":"aprim-participates-in-the-strategic-forum","status":"publish","type":"post","link":"https:\/\/aprim.com\/esp\/2026\/03\/12\/aprim-participates-in-the-strategic-forum\/","title":{"rendered":"APRIM Participa en el Foro Estrat\u00e9gico sobre el Futuro del Mecanizado"},"content":{"rendered":"<div class=\"fusion-fullwidth fullwidth-box fusion-builder-row-1 fusion-flex-container has-pattern-background has-mask-background nonhundred-percent-fullwidth non-hundred-percent-height-scrolling\" style=\"--awb-border-radius-top-left:0px;--awb-border-radius-top-right:0px;--awb-border-radius-bottom-right:0px;--awb-border-radius-bottom-left:0px;--awb-flex-wrap:wrap;\" ><div class=\"fusion-builder-row fusion-row fusion-flex-align-items-flex-start fusion-flex-content-wrap\" style=\"max-width:1248px;margin-left: calc(-4% \/ 2 );margin-right: calc(-4% \/ 2 );\"><div class=\"fusion-layout-column fusion_builder_column fusion-builder-column-0 fusion_builder_column_1_1 1_1 fusion-flex-column\" style=\"--awb-bg-size:cover;--awb-width-large:100%;--awb-spacing-right-large:1.92%;--awb-margin-bottom-large:0px;--awb-spacing-left-large:1.92%;--awb-width-medium:100%;--awb-order-medium:0;--awb-spacing-right-medium:1.92%;--awb-spacing-left-medium:1.92%;--awb-width-small:100%;--awb-order-small:0;--awb-spacing-right-small:1.92%;--awb-spacing-left-small:1.92%;\"><div class=\"fusion-column-wrapper fusion-column-has-shadow fusion-flex-justify-content-flex-start fusion-content-layout-column\"><div class=\"fusion-title title fusion-title-1 fusion-sep-none fusion-title-text fusion-title-size-three\" style=\"--awb-margin-bottom:20px;--awb-margin-top-small:10px;--awb-margin-right-small:0px;--awb-margin-bottom-small:30px;--awb-margin-left-small:0px;--awb-font-size:30px;\"><h3 class=\"fusion-title-heading title-heading-left fusion-responsive-typography-calculated\" style=\"margin:0;font-size:1em;--fontSize:30;line-height:1.4;\">APRIM participa en el Foro Estrat\u00e9gico \u201cEl Futuro del Mecanizado: Retos, Rob\u00f3tica y Nuevas Generaciones\u201d<\/h3><\/div><div class=\"fusion-text fusion-text-1 fusion-text-no-margin\" style=\"--awb-margin-bottom:30px;\"><p>La industria del mecanizado se encuentra en un punto de inflexi\u00f3n, impulsada por la automatizaci\u00f3n, el relevo generacional y la necesidad estrat\u00e9gica de escalar para mantenerse competitiva.<\/p>\n<p>APRIM desempe\u00f1\u00f3 un papel protagonista en la conferencia \u201cEl Futuro del Mecanizado: Retos, Rob\u00f3tica y Nuevas Generaciones\u201d, organizada por AECIM. Este evento reuni\u00f3 a l\u00edderes nacionales e internacionales del sector para analizar los principales obst\u00e1culos inmediatos a los que se enfrenta nuestra industria.<\/p>\n<p>Un punto destacado del evento fue el panel de debate con la participaci\u00f3n de Guillermo Sanz Navarro, Business Development Manager de APRIM. Junto a directivos de CERATIZIT Group y G\u00fchring SA, abord\u00f3 c\u00f3mo el relevo generacional est\u00e1 cambiando de manera profunda el modelo de negocio del sector del mecanizado.<\/p>\n<p>Durante su intervenci\u00f3n, destac\u00f3 que el perfil del \u201cnuevo comprador\u201d en el mecanizado es cada vez m\u00e1s anal\u00edtico y prioriza:<\/p>\n<\/div><ul style=\"--awb-size:17px;--awb-margin-bottom:50px;--awb-iconcolor:var(--awb-color5);--awb-line-height:28.9px;--awb-icon-width:28.9px;--awb-icon-height:28.9px;--awb-icon-margin:11.9px;--awb-content-margin:40.8px;\" class=\"fusion-checklist fusion-checklist-1 fusion-checklist-default type-icons\"><li class=\"fusion-li-item\" style=\"\"><span class=\"icon-wrapper circle-no\"><i class=\"fusion-li-icon awb-factorycheck-bullet\" aria-hidden=\"true\"><\/i><\/span><div class=\"fusion-li-item-content\">Decisiones basadas en evidencia: Un giro hacia el uso de datos, m\u00e9tricas e impacto medible y cuantificable.<\/div><\/li><li class=\"fusion-li-item\" style=\"\"><span class=\"icon-wrapper circle-no\"><i class=\"fusion-li-icon awb-factorycheck-bullet\" aria-hidden=\"true\"><\/i><\/span><div class=\"fusion-li-item-content\">Eficiencia global: Valorar herramientas y soluciones seg\u00fan su retorno de inversi\u00f3n (ROI) real y medible, en vez de guiarse por la intuici\u00f3n o la experiencia subjetiva.<\/div><\/li><\/ul><div class=\"fusion-title title fusion-title-2 fusion-sep-none fusion-title-text fusion-title-size-three\" style=\"--awb-margin-bottom:20px;--awb-margin-top-small:10px;--awb-margin-right-small:0px;--awb-margin-bottom-small:30px;--awb-margin-left-small:0px;--awb-font-size:30px;\"><h3 class=\"fusion-title-heading title-heading-left fusion-responsive-typography-calculated\" style=\"margin:0;font-size:1em;--fontSize:30;line-height:1.4;\">Escalabilidad para la supervivencia: El reto del crecimiento<\/h3><\/div><div class=\"fusion-text fusion-text-2 fusion-text-no-margin\" style=\"--awb-margin-bottom:30px;\"><p>La conferencia cont\u00f3 adem\u00e1s con una mesa redonda en la que participaron directivos. El mensaje fue un\u00e1nime y contundente: para las pymes del sector industrial, crecer en tama\u00f1o ya no es una opci\u00f3n, es una necesidad.<\/p>\n<p>El sector exigi\u00f3 un marco normativo que establezca una clara distinci\u00f3n entre las grandes empresas y los talleres de menor tama\u00f1o, pues las complejidades administrativas actuales y el encarecimiento de los costes est\u00e1n limitando gravemente la capacidad inversora de numerosas pymes tradicionales.<\/p>\n<\/div><div class=\"fusion-title title fusion-title-3 fusion-sep-none fusion-title-text fusion-title-size-three\" style=\"--awb-margin-bottom:20px;--awb-margin-top-small:10px;--awb-margin-right-small:0px;--awb-margin-bottom-small:30px;--awb-margin-left-small:0px;--awb-font-size:30px;\"><h3 class=\"fusion-title-heading title-heading-left fusion-responsive-typography-calculated\" style=\"margin:0;font-size:1em;--fontSize:30;line-height:1.4;\">Automatizaci\u00f3n y soporte institucional<\/h3><\/div><div class=\"fusion-text fusion-text-3 fusion-text-no-margin\" style=\"--awb-margin-bottom:30px;\"><p>Los especialistas en rob\u00f3tica industrial destacaron que la automatizaci\u00f3n representa la \u00fanica soluci\u00f3n estructural frente a la escasez actual de personal cualificado. Gracias a ella, los talleres pueden estabilizar sus procesos y reasignar a los operarios a actividades de mayor valor, como el control de calidad y la supervisi\u00f3n de los procesos productivos.<\/p>\n<p>El acto finaliz\u00f3 con un mensaje muy claro de respaldo institucional de Jaime Mart\u00ednez Mu\u00f1oz, Director General de Econom\u00eda e Industria, quien reafirm\u00f3 el firme compromiso de la administraci\u00f3n con el sector y anunci\u00f3 un notable aumento presupuestario en 2026 para las subvenciones orientadas a la digitalizaci\u00f3n y a la compra de equipamiento productivo.<\/p>\n<\/div><div class=\"fusion-separator fusion-full-width-sep\" style=\"align-self: center;margin-left: auto;margin-right: auto;margin-top:40px;margin-bottom:20px;width:100%;\"><div class=\"fusion-separator-border sep-single sep-solid\" style=\"--awb-height:20px;--awb-amount:20px;--awb-sep-color:var(--awb-custom_color_1);border-color:var(--awb-custom_color_1);border-top-width:1px;\"><\/div><\/div><\/div><\/div><\/div><\/div>","protected":false},"excerpt":{"rendered":"","protected":false},"author":1,"featured_media":2657,"comment_status":"closed","ping_status":"closed","sticky":false,"template":"","format":"standard","meta":{"footnotes":""},"categories":[73],"tags":[],"class_list":["post-2656","post","type-post","status-publish","format-standard","has-post-thumbnail","hentry","category-forums"],"_links":{"self":[{"href":"https:\/\/aprim.com\/esp\/wp-json\/wp\/v2\/posts\/2656","targetHints":{"allow":["GET"]}}],"collection":[{"href":"https:\/\/aprim.com\/esp\/wp-json\/wp\/v2\/posts"}],"about":[{"href":"https:\/\/aprim.com\/esp\/wp-json\/wp\/v2\/types\/post"}],"author":[{"embeddable":true,"href":"https:\/\/aprim.com\/esp\/wp-json\/wp\/v2\/users\/1"}],"replies":[{"embeddable":true,"href":"https:\/\/aprim.com\/esp\/wp-json\/wp\/v2\/comments?post=2656"}],"version-history":[{"count":5,"href":"https:\/\/aprim.com\/esp\/wp-json\/wp\/v2\/posts\/2656\/revisions"}],"predecessor-version":[{"id":2662,"href":"https:\/\/aprim.com\/esp\/wp-json\/wp\/v2\/posts\/2656\/revisions\/2662"}],"wp:featuredmedia":[{"embeddable":true,"href":"https:\/\/aprim.com\/esp\/wp-json\/wp\/v2\/media\/2657"}],"wp:attachment":[{"href":"https:\/\/aprim.com\/esp\/wp-json\/wp\/v2\/media?parent=2656"}],"wp:term":[{"taxonomy":"category","embeddable":true,"href":"https:\/\/aprim.com\/esp\/wp-json\/wp\/v2\/categories?post=2656"},{"taxonomy":"post_tag","embeddable":true,"href":"https:\/\/aprim.com\/esp\/wp-json\/wp\/v2\/tags?post=2656"}],"curies":[{"name":"wp","href":"https:\/\/api.w.org\/{rel}","templated":true}]}}