{"id":2632,"date":"2025-09-06T08:40:31","date_gmt":"2025-09-06T08:40:31","guid":{"rendered":"https:\/\/aprim.com\/?p=2632"},"modified":"2025-09-06T08:40:31","modified_gmt":"2025-09-06T08:40:31","slug":"aprim-awarded-public-grant","status":"publish","type":"post","link":"https:\/\/aprim.com\/esp\/2025\/09\/06\/aprim-awarded-public-grant\/","title":{"rendered":"APRIM recibe una subvenci\u00f3n p\u00fablica para impulsar su capacidad industrial"},"content":{"rendered":"<div class=\"fusion-fullwidth fullwidth-box fusion-builder-row-1 fusion-flex-container has-pattern-background has-mask-background nonhundred-percent-fullwidth non-hundred-percent-height-scrolling\" style=\"--awb-border-radius-top-left:0px;--awb-border-radius-top-right:0px;--awb-border-radius-bottom-right:0px;--awb-border-radius-bottom-left:0px;--awb-flex-wrap:wrap;\" ><div class=\"fusion-builder-row fusion-row fusion-flex-align-items-flex-start fusion-flex-content-wrap\" style=\"max-width:1248px;margin-left: calc(-4% \/ 2 );margin-right: calc(-4% \/ 2 );\"><div class=\"fusion-layout-column fusion_builder_column fusion-builder-column-0 fusion_builder_column_1_1 1_1 fusion-flex-column\" style=\"--awb-bg-size:cover;--awb-width-large:100%;--awb-spacing-right-large:1.92%;--awb-margin-bottom-large:0px;--awb-spacing-left-large:1.92%;--awb-width-medium:100%;--awb-order-medium:0;--awb-spacing-right-medium:1.92%;--awb-spacing-left-medium:1.92%;--awb-width-small:100%;--awb-order-small:0;--awb-spacing-right-small:1.92%;--awb-spacing-left-small:1.92%;\"><div class=\"fusion-column-wrapper fusion-column-has-shadow fusion-flex-justify-content-flex-start fusion-content-layout-column\"><div class=\"fusion-title title fusion-title-1 fusion-sep-none fusion-title-text fusion-title-size-three\" style=\"--awb-margin-bottom:20px;--awb-margin-top-small:10px;--awb-margin-right-small:0px;--awb-margin-bottom-small:30px;--awb-margin-left-small:0px;--awb-font-size:30px;\"><h3 class=\"fusion-title-heading title-heading-left fusion-responsive-typography-calculated\" style=\"margin:0;font-size:1em;--fontSize:30;line-height:1.4;\">APRIM ha obtenido una subvenci\u00f3n p\u00fablica por importe de 111.059\u20ac dentro de la iniciativa 2025 de apoyo a la modernizaci\u00f3n industrial de la Comunidad de Madrid.<\/h3><\/div><div class=\"fusion-text fusion-text-1 fusion-text-no-margin\" style=\"--awb-margin-bottom:30px;\"><p>La inversi\u00f3n total para esta iniciativa asciende a 448.011,80 \u20ac. Este apoyo de la Comunidad de Madrid refleja un compromiso compartido con la innovaci\u00f3n, la resiliencia y la excelencia industrial.<\/p>\n<p>Estamos entusiasmados con las oportunidades que esto trae consigo y seguimos dedicados a ofrecer soluciones precisas, de calidad y con visi\u00f3n de futuro a nuestros clientes y socios.<\/p>\n<p>Este financiamiento, otorgado por la Direcci\u00f3n General de Econom\u00eda e Industria bajo la Consejer\u00eda de Econom\u00eda, Hacienda y Empleo, contribuir\u00e1 a nuestra inversi\u00f3n continua en maquinaria y equipos productivos. El proyecto est\u00e1 dise\u00f1ado para:<\/p>\n<\/div><ul style=\"--awb-size:17px;--awb-margin-bottom:50px;--awb-iconcolor:var(--awb-color5);--awb-line-height:28.9px;--awb-icon-width:28.9px;--awb-icon-height:28.9px;--awb-icon-margin:11.9px;--awb-content-margin:40.8px;\" class=\"fusion-checklist fusion-checklist-1 fusion-checklist-default type-icons\"><li class=\"fusion-li-item\" style=\"\"><span class=\"icon-wrapper circle-no\"><i class=\"fusion-li-icon awb-factorycheck-bullet\" aria-hidden=\"true\"><\/i><\/span><div class=\"fusion-li-item-content\">Aumentar nuestra capacidad de producci\u00f3n<\/div><\/li><li class=\"fusion-li-item\" style=\"\"><span class=\"icon-wrapper circle-no\"><i class=\"fusion-li-icon awb-factorycheck-bullet\" aria-hidden=\"true\"><\/i><\/span><div class=\"fusion-li-item-content\">Mejorar la eficiencia operativa<\/div><\/li><li class=\"fusion-li-item\" style=\"\"><span class=\"icon-wrapper circle-no\"><i class=\"fusion-li-icon awb-factorycheck-bullet\" aria-hidden=\"true\"><\/i><\/span><div class=\"fusion-li-item-content\">Acelerar nuestra transici\u00f3n hacia la digitalizaci\u00f3n y la sostenibilidad<\/div><\/li><li class=\"fusion-li-item\" style=\"\"><span class=\"icon-wrapper circle-no\"><i class=\"fusion-li-icon awb-factorycheck-bullet\" aria-hidden=\"true\"><\/i><\/span><div class=\"fusion-li-item-content\">Fortalecer nuestra competitividad en un mercado en r\u00e1pida evoluci\u00f3n<\/div><\/li><\/ul><ul style=\"--awb-size:17px;--awb-margin-bottom:50px;--awb-iconcolor:var(--awb-color5);--awb-line-height:28.9px;--awb-icon-width:28.9px;--awb-icon-height:28.9px;--awb-icon-margin:11.9px;--awb-content-margin:40.8px;\" class=\"fusion-checklist fusion-checklist-2 fusion-checklist-default type-icons\"><\/ul><div class=\"fusion-separator fusion-full-width-sep\" style=\"align-self: center;margin-left: auto;margin-right: auto;margin-top:40px;margin-bottom:20px;width:100%;\"><div class=\"fusion-separator-border sep-single sep-solid\" style=\"--awb-height:20px;--awb-amount:20px;--awb-sep-color:var(--awb-custom_color_1);border-color:var(--awb-custom_color_1);border-top-width:1px;\"><\/div><\/div><\/div><\/div><\/div><\/div>","protected":false},"excerpt":{"rendered":"","protected":false},"author":1,"featured_media":2634,"comment_status":"closed","ping_status":"closed","sticky":false,"template":"","format":"standard","meta":{"footnotes":""},"categories":[66],"tags":[72],"class_list":["post-2632","post","type-post","status-publish","format-standard","has-post-thumbnail","hentry","category-investments","tag-public-grant"],"_links":{"self":[{"href":"https:\/\/aprim.com\/esp\/wp-json\/wp\/v2\/posts\/2632","targetHints":{"allow":["GET"]}}],"collection":[{"href":"https:\/\/aprim.com\/esp\/wp-json\/wp\/v2\/posts"}],"about":[{"href":"https:\/\/aprim.com\/esp\/wp-json\/wp\/v2\/types\/post"}],"author":[{"embeddable":true,"href":"https:\/\/aprim.com\/esp\/wp-json\/wp\/v2\/users\/1"}],"replies":[{"embeddable":true,"href":"https:\/\/aprim.com\/esp\/wp-json\/wp\/v2\/comments?post=2632"}],"version-history":[{"count":1,"href":"https:\/\/aprim.com\/esp\/wp-json\/wp\/v2\/posts\/2632\/revisions"}],"predecessor-version":[{"id":2633,"href":"https:\/\/aprim.com\/esp\/wp-json\/wp\/v2\/posts\/2632\/revisions\/2633"}],"wp:featuredmedia":[{"embeddable":true,"href":"https:\/\/aprim.com\/esp\/wp-json\/wp\/v2\/media\/2634"}],"wp:attachment":[{"href":"https:\/\/aprim.com\/esp\/wp-json\/wp\/v2\/media?parent=2632"}],"wp:term":[{"taxonomy":"category","embeddable":true,"href":"https:\/\/aprim.com\/esp\/wp-json\/wp\/v2\/categories?post=2632"},{"taxonomy":"post_tag","embeddable":true,"href":"https:\/\/aprim.com\/esp\/wp-json\/wp\/v2\/tags?post=2632"}],"curies":[{"name":"wp","href":"https:\/\/api.w.org\/{rel}","templated":true}]}}