{"id":2622,"date":"2025-07-08T08:26:25","date_gmt":"2025-07-08T08:26:25","guid":{"rendered":"https:\/\/aprim.com\/?p=2622"},"modified":"2025-07-08T08:26:25","modified_gmt":"2025-07-08T08:26:25","slug":"aprim-celebrates-60-years","status":"publish","type":"post","link":"https:\/\/aprim.com\/esp\/2025\/07\/08\/aprim-celebrates-60-years\/","title":{"rendered":"APRIM celebra 60 a\u00f1os con un acto familiar especial"},"content":{"rendered":"<div class=\"fusion-fullwidth fullwidth-box fusion-builder-row-1 fusion-flex-container has-pattern-background has-mask-background nonhundred-percent-fullwidth non-hundred-percent-height-scrolling\" style=\"--awb-border-radius-top-left:0px;--awb-border-radius-top-right:0px;--awb-border-radius-bottom-right:0px;--awb-border-radius-bottom-left:0px;--awb-flex-wrap:wrap;\" ><div class=\"fusion-builder-row fusion-row fusion-flex-align-items-flex-start fusion-flex-content-wrap\" style=\"max-width:1248px;margin-left: calc(-4% \/ 2 );margin-right: calc(-4% \/ 2 );\"><div class=\"fusion-layout-column fusion_builder_column fusion-builder-column-0 fusion_builder_column_1_1 1_1 fusion-flex-column\" style=\"--awb-bg-size:cover;--awb-width-large:100%;--awb-spacing-right-large:1.92%;--awb-margin-bottom-large:0px;--awb-spacing-left-large:1.92%;--awb-width-medium:100%;--awb-order-medium:0;--awb-spacing-right-medium:1.92%;--awb-spacing-left-medium:1.92%;--awb-width-small:100%;--awb-order-small:0;--awb-spacing-right-small:1.92%;--awb-spacing-left-small:1.92%;\"><div class=\"fusion-column-wrapper fusion-column-has-shadow fusion-flex-justify-content-flex-start fusion-content-layout-column\"><div class=\"fusion-title title fusion-title-1 fusion-sep-none fusion-title-text fusion-title-size-three\" style=\"--awb-margin-bottom:20px;--awb-margin-top-small:10px;--awb-margin-right-small:0px;--awb-margin-bottom-small:30px;--awb-margin-left-small:0px;--awb-font-size:30px;\"><h3 class=\"fusion-title-heading title-heading-left fusion-responsive-typography-calculated\" style=\"margin:0;font-size:1em;--fontSize:30;line-height:1.4;\">Este a\u00f1o celebramos el 60 aniversario de Aprim con un gran evento que reuni\u00f3 a alrededor de 250 personas, en su mayor\u00eda familiares de nuestros empleados.<\/h3><\/div><div class=\"fusion-text fusion-text-1 fusion-text-no-margin\" style=\"--awb-margin-bottom:30px;\"><p>El objetivo del d\u00eda era abrir nuestras puertas y que nuestros seres queridos conocieran d\u00f3nde trabajamos y a qu\u00e9 nos dedicamos. Ofrecimos visitas guiadas por la f\u00e1brica, mostrando las m\u00e1quinas y los robots en acci\u00f3n, algo que mucha gente no puede ver de cerca. Fue una gran oportunidad para mostrar el orgullo que sentimos por nuestro trabajo y la tecnolog\u00eda que lo respalda.<\/p>\n<p>Tras las visitas, nos reunimos para un c\u00f3ctel en el nuevo almac\u00e9n, el lugar perfecto para continuar la celebraci\u00f3n. Uno de los momentos m\u00e1s especiales fue el discurso de Guillermo Navarro, miembro de la segunda generaci\u00f3n de la familia fundadora, quien tambi\u00e9n se jubil\u00f3 este a\u00f1o. Sus palabras fueron un recordatorio de la historia de Aprim, los valores que compartimos y el camino que hemos recorrido juntos. Nos alegr\u00f3 contar tambi\u00e9n con la presencia de un miembro de la cuarta generaci\u00f3n de la familia, una gran se\u00f1al de continuidad y compromiso con el futuro.<\/p>\n<p>Fue un d\u00eda c\u00e1lido y emotivo, lleno de conexi\u00f3n, sonrisas y orgullo de ser parte de Aprim.<\/p>\n<\/div><ul style=\"--awb-size:17px;--awb-margin-bottom:50px;--awb-iconcolor:var(--awb-color5);--awb-line-height:28.9px;--awb-icon-width:28.9px;--awb-icon-height:28.9px;--awb-icon-margin:11.9px;--awb-content-margin:40.8px;\" class=\"fusion-checklist fusion-checklist-1 fusion-checklist-default type-icons\"><li class=\"fusion-li-item\" style=\"\"><span class=\"icon-wrapper circle-no\"><i class=\"fusion-li-icon awb-factorycheck-bullet\" aria-hidden=\"true\"><\/i><\/span><div class=\"fusion-li-item-content\">Un gran agradecimiento a todos los que ayudaron a organizarlo e hicieron de esta una celebraci\u00f3n tan memorable.<\/div><\/li><li class=\"fusion-li-item\" style=\"\"><span class=\"icon-wrapper circle-no\"><i class=\"fusion-li-icon awb-factorycheck-bullet\" aria-hidden=\"true\"><\/i><\/span><div class=\"fusion-li-item-content\">\u00a1Por muchos a\u00f1os m\u00e1s de crecimiento juntos!<\/div><\/li><\/ul><ul style=\"--awb-size:17px;--awb-margin-bottom:50px;--awb-iconcolor:var(--awb-color5);--awb-line-height:28.9px;--awb-icon-width:28.9px;--awb-icon-height:28.9px;--awb-icon-margin:11.9px;--awb-content-margin:40.8px;\" class=\"fusion-checklist fusion-checklist-2 fusion-checklist-default type-icons\"><\/ul><div class=\"fusion-separator fusion-full-width-sep\" style=\"align-self: center;margin-left: auto;margin-right: auto;margin-top:40px;margin-bottom:20px;width:100%;\"><div class=\"fusion-separator-border sep-single sep-solid\" style=\"--awb-height:20px;--awb-amount:20px;--awb-sep-color:var(--awb-custom_color_1);border-color:var(--awb-custom_color_1);border-top-width:1px;\"><\/div><\/div><\/div><\/div><\/div><\/div>","protected":false},"excerpt":{"rendered":"","protected":false},"author":1,"featured_media":2626,"comment_status":"closed","ping_status":"closed","sticky":false,"template":"","format":"standard","meta":{"footnotes":""},"categories":[67],"tags":[70,71],"class_list":["post-2622","post","type-post","status-publish","format-standard","has-post-thumbnail","hentry","category-sustainability","tag-anniversary","tag-celebration"],"_links":{"self":[{"href":"https:\/\/aprim.com\/esp\/wp-json\/wp\/v2\/posts\/2622","targetHints":{"allow":["GET"]}}],"collection":[{"href":"https:\/\/aprim.com\/esp\/wp-json\/wp\/v2\/posts"}],"about":[{"href":"https:\/\/aprim.com\/esp\/wp-json\/wp\/v2\/types\/post"}],"author":[{"embeddable":true,"href":"https:\/\/aprim.com\/esp\/wp-json\/wp\/v2\/users\/1"}],"replies":[{"embeddable":true,"href":"https:\/\/aprim.com\/esp\/wp-json\/wp\/v2\/comments?post=2622"}],"version-history":[{"count":4,"href":"https:\/\/aprim.com\/esp\/wp-json\/wp\/v2\/posts\/2622\/revisions"}],"predecessor-version":[{"id":2627,"href":"https:\/\/aprim.com\/esp\/wp-json\/wp\/v2\/posts\/2622\/revisions\/2627"}],"wp:featuredmedia":[{"embeddable":true,"href":"https:\/\/aprim.com\/esp\/wp-json\/wp\/v2\/media\/2626"}],"wp:attachment":[{"href":"https:\/\/aprim.com\/esp\/wp-json\/wp\/v2\/media?parent=2622"}],"wp:term":[{"taxonomy":"category","embeddable":true,"href":"https:\/\/aprim.com\/esp\/wp-json\/wp\/v2\/categories?post=2622"},{"taxonomy":"post_tag","embeddable":true,"href":"https:\/\/aprim.com\/esp\/wp-json\/wp\/v2\/tags?post=2622"}],"curies":[{"name":"wp","href":"https:\/\/api.w.org\/{rel}","templated":true}]}}